{"id":660,"date":"2025-12-09T15:23:35","date_gmt":"2025-12-09T15:23:35","guid":{"rendered":"https:\/\/mihaitucaliuc.ro\/?p=660"},"modified":"2025-12-09T15:25:30","modified_gmt":"2025-12-09T15:25:30","slug":"claritate-personala-si-profesionala","status":"publish","type":"post","link":"https:\/\/mihaitucaliuc.ro\/en\/claritate-personala-si-profesionala\/","title":{"rendered":"Claritate personal\u0103 \u0219i profesional\u0103"},"content":{"rendered":"<p class=\"wp-block-paragraph\">Am fost invitat la Speaker la Fundamental Fest, primul festival de s\u0103n\u0103tate mintal\u0103, emo\u021bional\u0103 si fizica din Cluj. Am avut bucuria de a sus\u021bine un workshop despre ce, cum \u0219i de ce este important\u0103 clarificarea sensului \u0219i scopului nostru, pe care pl\u0103nuiesc s\u0103 \u00eel mai sus\u021bin o data in toamna.<\/p>","protected":false},"excerpt":{"rendered":"<p>Am fost invitat la Speaker la Fundamental Fest, primul festival de s\u0103n\u0103tate mintal\u0103, emo\u021bional\u0103 si fizica din Cluj. Am avut bucuria de a sus\u021bine un workshop despre ce, cum \u0219i de ce este important\u0103 clarificarea sensului \u0219i scopului nostru, pe care pl\u0103nuiesc s\u0103 \u00eel mai sus\u021bin o data in toamna.<\/p>","protected":false},"author":2,"featured_media":661,"comment_status":"closed","ping_status":"open","sticky":false,"template":"","format":"standard","meta":{"_acf_changed":false,"footnotes":""},"categories":[6],"tags":[],"class_list":["post-660","post","type-post","status-publish","format-standard","has-post-thumbnail","hentry","category-conferinte-workshopuri"],"blocksy_meta":[],"acf":[],"_links":{"self":[{"href":"https:\/\/mihaitucaliuc.ro\/en\/wp-json\/wp\/v2\/posts\/660","targetHints":{"allow":["GET"]}}],"collection":[{"href":"https:\/\/mihaitucaliuc.ro\/en\/wp-json\/wp\/v2\/posts"}],"about":[{"href":"https:\/\/mihaitucaliuc.ro\/en\/wp-json\/wp\/v2\/types\/post"}],"author":[{"embeddable":true,"href":"https:\/\/mihaitucaliuc.ro\/en\/wp-json\/wp\/v2\/users\/2"}],"replies":[{"embeddable":true,"href":"https:\/\/mihaitucaliuc.ro\/en\/wp-json\/wp\/v2\/comments?post=660"}],"version-history":[{"count":1,"href":"https:\/\/mihaitucaliuc.ro\/en\/wp-json\/wp\/v2\/posts\/660\/revisions"}],"predecessor-version":[{"id":662,"href":"https:\/\/mihaitucaliuc.ro\/en\/wp-json\/wp\/v2\/posts\/660\/revisions\/662"}],"wp:featuredmedia":[{"embeddable":true,"href":"https:\/\/mihaitucaliuc.ro\/en\/wp-json\/wp\/v2\/media\/661"}],"wp:attachment":[{"href":"https:\/\/mihaitucaliuc.ro\/en\/wp-json\/wp\/v2\/media?parent=660"}],"wp:term":[{"taxonomy":"category","embeddable":true,"href":"https:\/\/mihaitucaliuc.ro\/en\/wp-json\/wp\/v2\/categories?post=660"},{"taxonomy":"post_tag","embeddable":true,"href":"https:\/\/mihaitucaliuc.ro\/en\/wp-json\/wp\/v2\/tags?post=660"}],"curies":[{"name":"wp","href":"https:\/\/api.w.org\/{rel}","templated":true}]}}